{"id":558,"date":"2020-05-05T17:00:41","date_gmt":"2020-05-05T17:00:41","guid":{"rendered":"https:\/\/highwaytohoell.de\/wordpress\/?p=558"},"modified":"2020-05-05T17:00:41","modified_gmt":"2020-05-05T17:00:41","slug":"das-grosse-coronagruseln","status":"publish","type":"post","link":"https:\/\/highwaytohoell.de\/wordpress\/2020\/05\/05\/das-grosse-coronagruseln\/","title":{"rendered":"Das gro\u00dfe Coronagruseln"},"content":{"rendered":"\n<h2 class=\"wp-block-heading\">Warum&#8230;<\/h2>\n\n\n\n<p class=\"wp-block-paragraph\">Es ist gerade einen Monat her als die sehr empfehlenswerte <a rel=\"noreferrer noopener\" href=\"https:\/\/www.youtube.com\/channel\/UCyHDQ5C6z1NDmJ4g6SerW8g\" target=\"_blank\">Youtuberin Mai <\/a>zum Thema unterschiedlicher Corona-Modellierungen <a rel=\"noreferrer noopener\" href=\"https:\/\/www.youtube.com\/watch?v=3z0gnXgK8Do&amp;t=927s\" target=\"_blank\">so einiges erkl\u00e4rt hat<\/a>. Ich finde es gro\u00dfartig wie darin die komplexen Szenarien, die das Robert Koch Institut durchgerechnet hat anschaulich heruntergebrochen werden &#8211; aber um dieses Video soll es hier nicht gehen; wir haben es ja tats\u00e4chlich geschaft <a rel=\"noreferrer noopener\" href=\"https:\/\/de.wikipedia.org\/wiki\/Basisreproduktionszahl\" target=\"_blank\">die Nettoreproduktionszahl <em>R<sub>t<\/sub><\/em><\/a> auf unter 1 zu dr\u00fccken und der Klinik-kollaps ist ausgeblieben &#8211; wenn auch nur knapp. Das das aber nur gelang da Millionen gerade extrem viel zu Hause sind und sich ihre physischen Kontakte einschr\u00e4nken scheinen viele schon verdr\u00e4ngt zu haben&#8230; Ich lese gelegentlich bei einem <a rel=\"noreferrer noopener\" href=\"https:\/\/twitter.com\/DankeOlga\/\" target=\"_blank\">Bekannten auf Twitter<\/a> mit was so in der Stuttgarter Notaufnahme Coronatechnisch los ist &#8211; offenbar ist man nur knapp ums <a rel=\"noreferrer noopener\" href=\"https:\/\/de.wikipedia.org\/wiki\/Triage\" target=\"_blank\">Triagieren<\/a> gekommen &#8211; ich habe das noch nicht vergessen, und die <a rel=\"noreferrer noopener\" href=\"https:\/\/www.tagesschau.de\/faktenfinder\/corona-uebersterblichkeit-101.html\" target=\"_blank\">\u00dcbersterblichkeitsstatistik<\/a> veranschaulicht dass durch Corona zigtausende Leute mehr gestorben sind als statistisch normal w\u00e4re:<\/p>\n\n\n\n<div class=\"wp-block-image\"><figure class=\"aligncenter size-large\"><img decoding=\"async\" src=\"https:\/\/highwaytohoell.de\/wordpress\/wp-content\/uploads\/2020\/05\/Bildschirmfoto-vom-2020-05-05-20-23-00-1024x761.png\" alt=\"\" class=\"wp-image-569\"\/><figcaption>Quelle: <a href=\"https:\/\/www.euromomo.eu\/graphs-and-maps\/\" target=\"_blank\" rel=\"noreferrer noopener\">https:\/\/www.euromomo.eu\/graphs-and-maps\/<\/a> Stand 5. Mai 2020<\/figcaption><\/figure><\/div>\n\n\n\n<p class=\"wp-block-paragraph\"> . <\/p>\n\n\n\n<iframe src=\"https:\/\/ourworldindata.org\/grapher\/daily-deaths-covid-19?country=AUT+DEU+CHE\" style=\"width: 100%; height: 600px; border: 0px none;\"><\/iframe>\n\n\n\n<iframe src=\"https:\/\/ourworldindata.org\/grapher\/total-deaths-covid-19?country=AUT+DEU+CHE\" style=\"width: 100%; height: 600px; border: 0px none;\"><\/iframe>\n\n\n\n<p class=\"wp-block-paragraph\">Wie auch immer Ich bin jedenfalls dankbar daf\u00fcr dass eine Menge clevere Leute momentan sich um ernstzunehmende Wissenschaftskommunikation bem\u00fchen, durchaus auch in <a rel=\"noreferrer noopener\" href=\"https:\/\/ukw.fm\/\" target=\"_blank\">sehr unterhaltsamen Podcastformaten.<\/a><\/p>\n\n\n\n<p class=\"wp-block-paragraph\">Seit einiger Zeit betrachte ich die immer lauter werdenden Forderungen nach einer Exit-Strategie durch <a rel=\"noreferrer noopener\" href=\"https:\/\/www.youtube.com\/watch?v=qWslmhvzf_U\" target=\"_blank\">Herdenimmunit\u00e4t<\/a> mit zunehmender Sorge. Eine Kollegin von mir die derzeit in der N\u00e4he von Bergamo (Italien) im Home Office sitzt hat mir eindr\u00fccklich am Telefon berichtet wie krass die <a href=\"https:\/\/www.tagesspiegel.de\/politik\/coronavirus-krise-in-norditalien-wo-die-regionalzeitung-zehn-seiten-todesanzeigen-druckt\/25651970.html\">Situation noch vor wenigen Wochen vor Ort war<\/a>. Als Vater zweier kleiner Kinder der derzeit aufgrund von Home Office kaum vor die T\u00fcr kommt sehne ich auch die Zeit nach Corona herbei, meine Kinder wieder in die Kita zu schicken f\u00e4nde ich aber momentan als verfr\u00fcht, da Dreij\u00e4hrige wohl kaum ganzt\u00e4gig Mundschutz tragen werden k\u00f6nnen und gegenw\u00e4rtig unklar ist <a rel=\"noreferrer noopener\" href=\"https:\/\/www.swr.de\/wissen\/corona-kinder-100.html\" target=\"_blank\">welche Rolle Kinder als \u00dcbertr\u00e4ger spielen <\/a> <strong>m\u00f6chte ich nicht riskieren indirekt f\u00fcr den vermeidbaren Tod anderer Leute mit verantwortlich zu sein<\/strong>.<\/p>\n\n\n\n<h2 class=\"wp-block-heading\">Zur\u00fcck zum Thema&#8230;<\/h2>\n\n\n\n<p class=\"wp-block-paragraph\">Kaum hatte ich wenige Tage vorher mit gro\u00dfem Kopfsch\u00fctteln die Berichterstattung  im  Berliner <a href=\"https:\/\/www.tagesspiegel.de\/berlin\/hygienedemo-am-1-mai-verschwoerungstheorien-zum-coronavirus-und-ein-streit-um-bill-gates\/25793934.html\">Tagesspiegel<\/a> \u00fcber die dortigen &#8222;Hygienedemos&#8220; sowie des <a href=\"https:\/\/beobachternews.de\/2020\/04\/22\/klare-niederlage-fuer-die-brd\/\">regierungsunkritischer Hofberichterstattung <\/a>absolut unverd\u00e4chtigen <a href=\"https:\/\/beobachternews.de\/2020\/04\/30\/mit-dem-aluhut-im-flatterbandkaefig\/\">Onlinemagazins Freddy Denzingers<\/a> \u00fcber die Stuttgarter Demos gelesen und mich gefragt ob den Leuten die es auf diese Demo zieht nicht klar ist dass Verschw\u00f6rungstheoretiker um <a rel=\"noreferrer noopener\" href=\"https:\/\/de.wikipedia.org\/wiki\/KenFM\" target=\"_blank\">Ken Jebsen <\/a>aus dem Querfront Lager ma\u00dfgeblich f\u00fcr die Bewerbung und den Zulauf derartiger Demonstrationen mit verantwortlich sind und dass die &#8222;Friedensdemos&#8220; aus denen diese Demonstrationen auch hervorgegangen sind auch <a rel=\"noreferrer noopener\" href=\"http:\/\/www.friedensdemowatch.com\/\" target=\"_blank\">alles andere als harmlos sind.<\/a> <\/p>\n\n\n\n<p class=\"wp-block-paragraph\">Ich habe am von einer Nachbarin beil\u00e4ufig erfahren dass sie auf der <a href=\"https:\/\/www.swr.de\/swraktuell\/baden-wuerttemberg\/stuttgart\/demo-stuttgart-gegen-corona-einschraenkungen-100.html\" target=\"_blank\" rel=\"noreferrer noopener\">Demonstration auf dem Cannstatter Wasen<\/a> dabei war. Ich entgegnete, dass ich das gruselig f\u00e4nde &#8211; wir waren auf die Schnelle nicht in der Lage die Sache zu kl\u00e4ren. Daher versuche ich hier meine Gedanken dazu nochmal zu sortieren;<\/p>\n\n\n\n<h2 class=\"wp-block-heading\">Disclaimer<\/h2>\n\n\n\n<p class=\"wp-block-paragraph\">Ich unterstelle <strong>niemandem<\/strong> der auf diese Demonstrationen geht pauschal verschw\u00f6rungsgl\u00e4ubig zu sein &#8211; vielleicht hat man den Aufruf ja \u00fcber Freunde mitbekommen oder wollte sich das mal anschauen. L<strong>eute die auf diese Demonstrationen gehen weil sie wirklich denken praktisch alle Staaten weltweit w\u00fcrden gerade ihre <a rel=\"noreferrer noopener\" href=\"https:\/\/www.welt.de\/wirtschaft\/article206981045\/Coronavirus-Folgen-Altmaier-rechnet-mit-drastischem-Wirtschaftseinbruch.html\" target=\"_blank\">Wirtschaft an die Wand fahren <\/a>nur um einen guten Vorwand zu haben \u00dcberwachungsmechanismen auszurollen<\/strong> &#8211; auch wenn <a href=\"https:\/\/demobeobachtung-suedwest.de\/blog\/2020\/04\/26\/stellungnahme-zur-novellierung-des-polizeigesetzes\/\">manche Dinge ein komisches Timing haben<\/a> &#8211; <strong>haben meiner Meinung nach allerdings nicht mehr alle Murmeln in der Sch\u00fcssel.<\/strong><\/p>\n\n\n\n<h2 class=\"wp-block-heading\">Meine Bedenken<\/h2>\n\n\n\n<p class=\"wp-block-paragraph\"> Hier ein paar Eckpunkte warum ich diese Demonstration und generell die &#8222;Impf- und Coronaskepsis&#8220; gruselig finde :<\/p>\n\n\n\n<blockquote class=\"wp-block-quote is-layout-flow wp-block-quote-is-layout-flow\"><p>&#8230;Deswegen trat neben dem Organisator Michael Ballweg auch Ralf Ludwig bei der Demonstration auf. Ludwig, der zusammen mit dem Sinsheimer Arzt und Impfgegner Bodo Schiffmann eine Partei gegr\u00fcndet hat, forderte die Teilnehmenden auf, sich gegen Impfungen zu wehren und rief zum Widerstand gegen die aktuelle Regierungspolitik auf.<\/p><cite><a rel=\"noreferrer noopener\" href=\"https:\/\/www.swr.de\/swraktuell\/baden-wuerttemberg\/stuttgart\/demo-stuttgart-gegen-corona-einschraenkungen-100.html\" target=\"_blank\">https:\/\/www.swr.de\/swraktuell\/baden-wuerttemberg\/stuttgart\/demo-stuttgart-gegen-corona-einschraenkungen-100.html<\/a> zur Demonstration am 2. Mai 202 in Stuttgart<\/cite><\/blockquote>\n\n\n\n<ol class=\"wp-block-list\"><li>Eine Antiaufkl\u00e4rerische Haltung macht sich breit &#8211; die Leute bekommen den Eindruck vermittelt die aktuellen Ma\u00dfnahmen w\u00e4ren falsch oder vorgeschoben. Wissenschaftliche Erkenntnis wird verdreht, verk\u00fcrzt oder g\u00e4nzlich in Abrede gestellt. <a rel=\"noreferrer noopener\" href=\"https:\/\/www.spektrum.de\/news\/verschwoerungstheorien-zu-covid-19\/1722088\" target=\"_blank\">Verschw\u00f6rungstheorien<\/a> zur Corona-Situation werden hoff\u00e4hig gemacht. Viele Menschen die fordern sich zu informieren sind dazu selbst offenbar nicht wirklich im Stande &#8211; es fehlt an Medienkompetenz und Verst\u00e4ndnis davon was gut gemachte von schlechten Studien unterscheidet. Um einen Einblick dazu zu bekommen kann ich jedem der es noch nicht kennt <a rel=\"noreferrer noopener\" href=\"https:\/\/media.ccc.de\/v\/35c3-9686-die_dreckige_empirie\" target=\"_blank\">https:\/\/media.ccc.de\/v\/35c3-9686-die_dreckige_empirie<\/a> sehr ans Herz legen!<\/li><li>Viele Leute radikalisieren sich  nicht zuletzt durch derartige Verschw\u00f6rungstheorien die sie im Internet vielfach repliziert sehen gerade selbst und steigern sich in Hirngespinste &#8211; man gucke sich nur den <a rel=\"noreferrer noopener\" href=\"https:\/\/twitter.com\/DerGraslutscher\/status\/1257281744522403840\" target=\"_blank\">Thread vom Graslutscher zu Attila Hildmann<\/a>, der gerade komplett frei-dreht an.<\/li><li>Diese Demonstrationen sind, trotz gegenteiliger Beteuerungen des Veranstalters ein Sammelbecken rechter <a href=\"https:\/\/www.deutschlandfunknova.de\/beitrag\/verschwoerungstheoretiker\" target=\"_blank\" rel=\"noreferrer noopener\">Verschw\u00f6rungsmysthiker<\/a>&#8211;  die Partei <a href=\"https:\/\/www.n-tv.de\/politik\/Was-sich-hinter-Widerstand2020-verbirgt-article21757351.html\">Widerstand2020<\/a> (welche ich momentan nur via <a href=\"https:\/\/web.archive.org\/web\/*\/https:\/\/widerstand2020.de\">Archive.org zugreifen <\/a>konnte) ist auf diesen Demos pr\u00e4sent &#8211; Ralf Ludwig, der zusammen mit <a href=\"https:\/\/www.psiram.com\/de\/index.php\/Bodo_Schiffmann\">Bodo Schiffmann<\/a>, einer der Parteigr\u00fcnder von Widerstand 2020 stellt die Coronama\u00dfnahmen als Unrecht dar und <a href=\"https:\/\/www.kinder-verstehen.de\/mein-werk\/blog\/corona-so-funktioniert-der-schwindel\/\">verdreht Tatsachen<\/a>. Selbstredend <a rel=\"noreferrer noopener\" href=\"https:\/\/www.swr.de\/swraktuell\/baden-wuerttemberg\/stuttgart\/demo-stuttgart-gegen-corona-einschraenkungen-100.html\" target=\"_blank\">durfte er auf dieser Demo f\u00fcr seine Partei werben,<\/a> Der <a rel=\"noreferrer noopener\" href=\"https:\/\/www.volksverpetzer.de\/analyse\/widerstand2020\/\" target=\"_blank\">Volksverpetzer<\/a> hat mehr zu Widerstand2020 als ich hier in K\u00fcrze widergeben kann.<\/li><\/ol>\n\n\n\n<p class=\"wp-block-paragraph\"><\/p>\n\n\n\n<p class=\"wp-block-paragraph\">Das sich die L<a href=\"https:\/\/afd-niedersachsen.de\/landesgeschaeftsstelle\/\">andesgesch\u00e4ftsstelle der AfD Niedersachsen<\/a> sowie die <a href=\"https:\/\/web.archive.org\/web\/20200504001908\/https:\/\/widerstand2020.de\/impressum\">Impressumsadresse von Widerstand2020<\/a> an der selben Adresse gefinden ist gewiss nur ein dummer Zufall&#8230;<\/p>\n\n\n\n<h2 class=\"wp-block-heading\">Und weiter&#8230;<\/h2>\n\n\n\n<p class=\"wp-block-paragraph\">Wie es weitergeht wei\u00df ich auch nicht. Meiner Meinung nach manifestiert sich hier momentan ein Kollateralschaden <a rel=\"noreferrer noopener\" href=\"https:\/\/taz.de\/Medienkompetenz-in-Corona-Zeiten\/!5668772\/\" target=\"_blank\">fehlender Medienkompetenz und Bildung<\/a> &#8211; ich bef\u00fcrchte viele der Verschw\u00f6rungsgl\u00e4ubigen werden erst einsichtig werden wenn auch in ihrem Bekanntenkreis Leute schwer erkranken oder sterben.  Ich hoffe es kommt nicht dazu und es findet sich bald eine zuverl\u00e4ssige Medikation oder ein Impfstoff &#8211; derzeit scheint es ja <a rel=\"noreferrer noopener\" href=\"https:\/\/www.who.int\/blueprint\/priority-diseases\/key-action\/novel-coronavirus-landscape-ncov.pdf\" target=\"_blank\">einige vielversprechende Kandidaten<\/a> daf\u00fcr zu geben.<\/p>\n\n\n\n<p class=\"wp-block-paragraph\"><\/p>\n","protected":false},"excerpt":{"rendered":"<p>Warum&#8230; Es ist gerade einen Monat her als die sehr empfehlenswerte Youtuberin Mai zum Thema unterschiedlicher Corona-Modellierungen so einiges erkl\u00e4rt hat. Ich finde es gro\u00dfartig wie darin die komplexen Szenarien, die das Robert Koch Institut durchgerechnet hat anschaulich heruntergebrochen werden &#8211; aber um dieses Video soll es hier nicht gehen; wir haben es ja tats\u00e4chlich [&hellip;]<\/p>\n","protected":false},"author":1,"featured_media":0,"comment_status":"closed","ping_status":"open","sticky":false,"template":"","format":"standard","meta":{"footnotes":""},"categories":[1,7,9],"tags":[27,62],"class_list":["post-558","post","type-post","status-publish","format-standard","hentry","category-allgemein","category-leben","category-politisches","tag-corona","tag-verschwoerungstheorien"],"_links":{"self":[{"href":"https:\/\/highwaytohoell.de\/wordpress\/wp-json\/wp\/v2\/posts\/558","targetHints":{"allow":["GET"]}}],"collection":[{"href":"https:\/\/highwaytohoell.de\/wordpress\/wp-json\/wp\/v2\/posts"}],"about":[{"href":"https:\/\/highwaytohoell.de\/wordpress\/wp-json\/wp\/v2\/types\/post"}],"author":[{"embeddable":true,"href":"https:\/\/highwaytohoell.de\/wordpress\/wp-json\/wp\/v2\/users\/1"}],"replies":[{"embeddable":true,"href":"https:\/\/highwaytohoell.de\/wordpress\/wp-json\/wp\/v2\/comments?post=558"}],"version-history":[{"count":0,"href":"https:\/\/highwaytohoell.de\/wordpress\/wp-json\/wp\/v2\/posts\/558\/revisions"}],"wp:attachment":[{"href":"https:\/\/highwaytohoell.de\/wordpress\/wp-json\/wp\/v2\/media?parent=558"}],"wp:term":[{"taxonomy":"category","embeddable":true,"href":"https:\/\/highwaytohoell.de\/wordpress\/wp-json\/wp\/v2\/categories?post=558"},{"taxonomy":"post_tag","embeddable":true,"href":"https:\/\/highwaytohoell.de\/wordpress\/wp-json\/wp\/v2\/tags?post=558"}],"curies":[{"name":"wp","href":"https:\/\/api.w.org\/{rel}","templated":true}]}}