{"id":44,"date":"2007-07-07T17:48:25","date_gmt":"2007-07-07T15:48:25","guid":{"rendered":"http:\/\/highwaytohoell.de\/blog\/?p=222"},"modified":"2007-07-07T17:48:25","modified_gmt":"2007-07-07T15:48:25","slug":"internierungslager-in-deutschland","status":"publish","type":"post","link":"https:\/\/highwaytohoell.de\/wordpress\/2007\/07\/07\/internierungslager-in-deutschland\/","title":{"rendered":"Internierungslager in Deutschland?"},"content":{"rendered":"<p>Die Bestrebungen von Herrn Sch\u00e4uble halte ich ja nicht erst seit gestern f\u00fcr etwas extrem und ich dachte das w\u00e4re eigentlich nicht mehr zu toppen. Offenbar schon, wie der <a title=\"Sch\ufffduble f\ufffdr Internierung\" href=\"https:\/\/www.heise.de\/newsticker\/meldung\/92367\" target=\"_blank\">Heise Newsticker<\/a> dokumentiert hat. Langsam frage ich mich wirklich ernsthaft, welche Schritte denn in unserem &#8222;demokratischen&#8220; System n\u00f6tig sind um eine \u00dcberpr\u00fcfung von Herrn Sch\u00e4ubles Geisteszustand zu erzwingen. Er erf\u00fcllt doch einige Kriterien einer &#8222;<a title=\"Posttraumatische Belastungsst\ufffdrung\" href=\"https:\/\/www.heise.de\/tp\/r4\/artikel\/25\/25046\/1.html\" target=\"_blank\">posttraumatischen Belastungsst\u00f6rung<\/a>&#8222;. Leider bin ich nicht derart politisch versiert den Ablauf eines Amtsenthebungsverfahrens zu kennen, bzw. die daf\u00fcr notwendigen Kriterien. Ich werde mich aber wohl demn\u00e4chst einmal informieren. Bin f\u00fcr Hinweise diesbez\u00fcglich jedoch auch dankbar&#8230;<\/p>\n<p>Ich f\u00fchle mich jedenfalls von Herrn Sch\u00e4ubles konkreter Gef\u00e4hrdungslage (Einschr\u00e4nkung grundlegender Freiheitsrechte) wesentlich mehr bedroht als von einer &#8222;Abstrakten&#8220; Gef\u00e4hrdung durch islamische Terrorsiten.<\/p>\n","protected":false},"excerpt":{"rendered":"<p>Die Bestrebungen von Herrn Sch\u00e4uble halte ich ja nicht erst seit gestern f\u00fcr etwas extrem und ich dachte das w\u00e4re eigentlich nicht mehr zu toppen. Offenbar schon, wie der Heise Newsticker dokumentiert hat. Langsam frage ich mich wirklich ernsthaft, welche Schritte denn in unserem &#8222;demokratischen&#8220; System n\u00f6tig sind um eine \u00dcberpr\u00fcfung von Herrn Sch\u00e4ubles Geisteszustand [&hellip;]<\/p>\n","protected":false},"author":1,"featured_media":0,"comment_status":"open","ping_status":"open","sticky":false,"template":"","format":"standard","meta":{"footnotes":""},"categories":[5],"tags":[],"class_list":["post-44","post","type-post","status-publish","format-standard","hentry","category-gemischtes"],"_links":{"self":[{"href":"https:\/\/highwaytohoell.de\/wordpress\/wp-json\/wp\/v2\/posts\/44","targetHints":{"allow":["GET"]}}],"collection":[{"href":"https:\/\/highwaytohoell.de\/wordpress\/wp-json\/wp\/v2\/posts"}],"about":[{"href":"https:\/\/highwaytohoell.de\/wordpress\/wp-json\/wp\/v2\/types\/post"}],"author":[{"embeddable":true,"href":"https:\/\/highwaytohoell.de\/wordpress\/wp-json\/wp\/v2\/users\/1"}],"replies":[{"embeddable":true,"href":"https:\/\/highwaytohoell.de\/wordpress\/wp-json\/wp\/v2\/comments?post=44"}],"version-history":[{"count":0,"href":"https:\/\/highwaytohoell.de\/wordpress\/wp-json\/wp\/v2\/posts\/44\/revisions"}],"wp:attachment":[{"href":"https:\/\/highwaytohoell.de\/wordpress\/wp-json\/wp\/v2\/media?parent=44"}],"wp:term":[{"taxonomy":"category","embeddable":true,"href":"https:\/\/highwaytohoell.de\/wordpress\/wp-json\/wp\/v2\/categories?post=44"},{"taxonomy":"post_tag","embeddable":true,"href":"https:\/\/highwaytohoell.de\/wordpress\/wp-json\/wp\/v2\/tags?post=44"}],"curies":[{"name":"wp","href":"https:\/\/api.w.org\/{rel}","templated":true}]}}